{"id":3229,"date":"2026-09-03T18:05:52","date_gmt":"2026-09-03T18:05:52","guid":{"rendered":"https:\/\/sdcornaux.ch\/?p=3229"},"modified":"2026-09-03T18:12:24","modified_gmt":"2026-09-03T18:12:24","slug":"cornaux-fleuri-2026-en-images","status":"publish","type":"post","link":"https:\/\/sdcornaux.ch\/index.php\/2026\/09\/03\/cornaux-fleuri-2026-en-images\/","title":{"rendered":"Cornaux Fleuri 2026 \u2013 En images"},"content":{"rendered":"\t\t<div data-elementor-type=\"wp-post\" data-elementor-id=\"3229\" class=\"elementor elementor-3229\">\n\t\t\t\t<div class=\"elementor-element elementor-element-3e415a4 e-flex e-con-boxed e-con e-parent\" data-id=\"3e415a4\" data-element_type=\"container\" data-e-type=\"container\">\n\t\t\t\t\t<div class=\"e-con-inner\">\n\t\t\t\t<div class=\"elementor-element elementor-element-96f3181 elementor-widget elementor-widget-image-gallery\" data-id=\"96f3181\" data-element_type=\"widget\" data-e-type=\"widget\" data-widget_type=\"image-gallery.default\">\n\t\t\t\t<div class=\"elementor-widget-container\">\n\t\t\t\t\t\t\t<div class=\"elementor-image-gallery\">\n\t\t\t<div id='gallery-1' class='gallery galleryid-3229 gallery-columns-4 gallery-size-thumbnail'><dl class='gallery-item'>\n\t\t\t<dt class='gallery-icon landscape'>\n\t\t\t\t<a data-elementor-open-lightbox=\"yes\" data-elementor-lightbox-slideshow=\"96f3181\" data-elementor-lightbox-title=\"Ammann_L_EM36493\" data-e-action-hash=\"#elementor-action%3Aaction%3Dlightbox%26settings%3DeyJpZCI6MzIzMSwidXJsIjoiaHR0cHM6XC9cL3NkY29ybmF1eC5jaFwvd3AtY29udGVudFwvdXBsb2Fkc1wvMjAyNlwvMDlcL0FtbWFubl9MX0VNMzY0OTMuanBnIiwic2xpZGVzaG93IjoiOTZmMzE4MSJ9\" href='https:\/\/sdcornaux.ch\/wp-content\/uploads\/2026\/09\/Ammann_L_EM36493.jpg'><img decoding=\"async\" width=\"150\" height=\"150\" src=\"https:\/\/sdcornaux.ch\/wp-content\/uploads\/2026\/09\/Ammann_L_EM36493-150x150.jpg\" class=\"attachment-thumbnail size-thumbnail\" alt=\"\" aria-describedby=\"gallery-1-3231\" \/><\/a>\n\t\t\t<\/dt>\n\t\t\t\t<dd class='wp-caption-text gallery-caption' id='gallery-1-3231'>\n\t\t\t\tAmmann_L\n\t\t\t\t<\/dd><\/dl><dl class='gallery-item'>\n\t\t\t<dt class='gallery-icon landscape'>\n\t\t\t\t<a data-elementor-open-lightbox=\"yes\" data-elementor-lightbox-slideshow=\"96f3181\" data-elementor-lightbox-title=\"Auberge-Vignoble_EM37382\" data-e-action-hash=\"#elementor-action%3Aaction%3Dlightbox%26settings%3DeyJpZCI6MzIzMiwidXJsIjoiaHR0cHM6XC9cL3NkY29ybmF1eC5jaFwvd3AtY29udGVudFwvdXBsb2Fkc1wvMjAyNlwvMDlcL0F1YmVyZ2UtVmlnbm9ibGVfRU0zNzM4Mi5qcGciLCJzbGlkZXNob3ciOiI5NmYzMTgxIn0%3D\" href='https:\/\/sdcornaux.ch\/wp-content\/uploads\/2026\/09\/Auberge-Vignoble_EM37382.jpg'><img decoding=\"async\" width=\"150\" height=\"150\" src=\"https:\/\/sdcornaux.ch\/wp-content\/uploads\/2026\/09\/Auberge-Vignoble_EM37382-150x150.jpg\" class=\"attachment-thumbnail size-thumbnail\" alt=\"\" aria-describedby=\"gallery-1-3232\" \/><\/a>\n\t\t\t<\/dt>\n\t\t\t\t<dd class='wp-caption-text gallery-caption' id='gallery-1-3232'>\n\t\t\t\tAuberge-Vignoble\n\t\t\t\t<\/dd><\/dl><dl class='gallery-item'>\n\t\t\t<dt class='gallery-icon landscape'>\n\t\t\t\t<a data-elementor-open-lightbox=\"yes\" data-elementor-lightbox-slideshow=\"96f3181\" data-elementor-lightbox-title=\"Barthe_D_EM37245\" data-e-action-hash=\"#elementor-action%3Aaction%3Dlightbox%26settings%3DeyJpZCI6MzIzMywidXJsIjoiaHR0cHM6XC9cL3NkY29ybmF1eC5jaFwvd3AtY29udGVudFwvdXBsb2Fkc1wvMjAyNlwvMDlcL0JhcnRoZV9EX0VNMzcyNDUuanBnIiwic2xpZGVzaG93IjoiOTZmMzE4MSJ9\" href='https:\/\/sdcornaux.ch\/wp-content\/uploads\/2026\/09\/Barthe_D_EM37245.jpg'><img decoding=\"async\" width=\"150\" height=\"150\" src=\"https:\/\/sdcornaux.ch\/wp-content\/uploads\/2026\/09\/Barthe_D_EM37245-150x150.jpg\" class=\"attachment-thumbnail size-thumbnail\" alt=\"\" aria-describedby=\"gallery-1-3233\" \/><\/a>\n\t\t\t<\/dt>\n\t\t\t\t<dd class='wp-caption-text gallery-caption' id='gallery-1-3233'>\n\t\t\t\tBarthe_D\n\t\t\t\t<\/dd><\/dl><dl class='gallery-item'>\n\t\t\t<dt class='gallery-icon landscape'>\n\t\t\t\t<a data-elementor-open-lightbox=\"yes\" data-elementor-lightbox-slideshow=\"96f3181\" data-elementor-lightbox-title=\"Commune_Plat_2026\" data-e-action-hash=\"#elementor-action%3Aaction%3Dlightbox%26settings%3DeyJpZCI6MzIzNCwidXJsIjoiaHR0cHM6XC9cL3NkY29ybmF1eC5jaFwvd3AtY29udGVudFwvdXBsb2Fkc1wvMjAyNlwvMDlcL0NvbW11bmVfUGxhdF8yMDI2LmpwZyIsInNsaWRlc2hvdyI6Ijk2ZjMxODEifQ%3D%3D\" href='https:\/\/sdcornaux.ch\/wp-content\/uploads\/2026\/09\/Commune_Plat_2026.jpg'><img loading=\"lazy\" decoding=\"async\" width=\"150\" height=\"150\" src=\"https:\/\/sdcornaux.ch\/wp-content\/uploads\/2026\/09\/Commune_Plat_2026-150x150.jpg\" class=\"attachment-thumbnail size-thumbnail\" alt=\"\" aria-describedby=\"gallery-1-3234\" \/><\/a>\n\t\t\t<\/dt>\n\t\t\t\t<dd class='wp-caption-text gallery-caption' id='gallery-1-3234'>\n\t\t\t\tCommune\n\t\t\t\t<\/dd><\/dl><br style=\"clear: both\" \/><dl class='gallery-item'>\n\t\t\t<dt class='gallery-icon landscape'>\n\t\t\t\t<a data-elementor-open-lightbox=\"yes\" data-elementor-lightbox-slideshow=\"96f3181\" data-elementor-lightbox-title=\"Girardin_L_EM37151\" data-e-action-hash=\"#elementor-action%3Aaction%3Dlightbox%26settings%3DeyJpZCI6MzIzNSwidXJsIjoiaHR0cHM6XC9cL3NkY29ybmF1eC5jaFwvd3AtY29udGVudFwvdXBsb2Fkc1wvMjAyNlwvMDlcL0dpcmFyZGluX0xfRU0zNzE1MS5qcGciLCJzbGlkZXNob3ciOiI5NmYzMTgxIn0%3D\" href='https:\/\/sdcornaux.ch\/wp-content\/uploads\/2026\/09\/Girardin_L_EM37151.jpg'><img loading=\"lazy\" decoding=\"async\" width=\"150\" height=\"150\" src=\"https:\/\/sdcornaux.ch\/wp-content\/uploads\/2026\/09\/Girardin_L_EM37151-150x150.jpg\" class=\"attachment-thumbnail size-thumbnail\" alt=\"\" aria-describedby=\"gallery-1-3235\" \/><\/a>\n\t\t\t<\/dt>\n\t\t\t\t<dd class='wp-caption-text gallery-caption' id='gallery-1-3235'>\n\t\t\t\tGirardin_L\n\t\t\t\t<\/dd><\/dl><dl class='gallery-item'>\n\t\t\t<dt class='gallery-icon landscape'>\n\t\t\t\t<a data-elementor-open-lightbox=\"yes\" data-elementor-lightbox-slideshow=\"96f3181\" data-elementor-lightbox-title=\"Holzer_P_EM37388\" data-e-action-hash=\"#elementor-action%3Aaction%3Dlightbox%26settings%3DeyJpZCI6MzIzNiwidXJsIjoiaHR0cHM6XC9cL3NkY29ybmF1eC5jaFwvd3AtY29udGVudFwvdXBsb2Fkc1wvMjAyNlwvMDlcL0hvbHplcl9QX0VNMzczODguanBnIiwic2xpZGVzaG93IjoiOTZmMzE4MSJ9\" href='https:\/\/sdcornaux.ch\/wp-content\/uploads\/2026\/09\/Holzer_P_EM37388.jpg'><img loading=\"lazy\" decoding=\"async\" width=\"150\" height=\"150\" src=\"https:\/\/sdcornaux.ch\/wp-content\/uploads\/2026\/09\/Holzer_P_EM37388-150x150.jpg\" class=\"attachment-thumbnail size-thumbnail\" alt=\"\" aria-describedby=\"gallery-1-3236\" \/><\/a>\n\t\t\t<\/dt>\n\t\t\t\t<dd class='wp-caption-text gallery-caption' id='gallery-1-3236'>\n\t\t\t\tHolzer_P\n\t\t\t\t<\/dd><\/dl><dl class='gallery-item'>\n\t\t\t<dt class='gallery-icon landscape'>\n\t\t\t\t<a data-elementor-open-lightbox=\"yes\" data-elementor-lightbox-slideshow=\"96f3181\" data-elementor-lightbox-title=\"Jornod_D_EM37252\" data-e-action-hash=\"#elementor-action%3Aaction%3Dlightbox%26settings%3DeyJpZCI6MzIzNywidXJsIjoiaHR0cHM6XC9cL3NkY29ybmF1eC5jaFwvd3AtY29udGVudFwvdXBsb2Fkc1wvMjAyNlwvMDlcL0pvcm5vZF9EX0VNMzcyNTIuanBnIiwic2xpZGVzaG93IjoiOTZmMzE4MSJ9\" href='https:\/\/sdcornaux.ch\/wp-content\/uploads\/2026\/09\/Jornod_D_EM37252.jpg'><img loading=\"lazy\" decoding=\"async\" width=\"150\" height=\"150\" src=\"https:\/\/sdcornaux.ch\/wp-content\/uploads\/2026\/09\/Jornod_D_EM37252-150x150.jpg\" class=\"attachment-thumbnail size-thumbnail\" alt=\"\" aria-describedby=\"gallery-1-3237\" \/><\/a>\n\t\t\t<\/dt>\n\t\t\t\t<dd class='wp-caption-text gallery-caption' id='gallery-1-3237'>\n\t\t\t\tJornod_D\n\t\t\t\t<\/dd><\/dl><dl class='gallery-item'>\n\t\t\t<dt class='gallery-icon landscape'>\n\t\t\t\t<a data-elementor-open-lightbox=\"yes\" data-elementor-lightbox-slideshow=\"96f3181\" data-elementor-lightbox-title=\"Rose-Sanela_EM37159\" data-e-action-hash=\"#elementor-action%3Aaction%3Dlightbox%26settings%3DeyJpZCI6MzIzOCwidXJsIjoiaHR0cHM6XC9cL3NkY29ybmF1eC5jaFwvd3AtY29udGVudFwvdXBsb2Fkc1wvMjAyNlwvMDlcL1Jvc2UtU2FuZWxhX0VNMzcxNTkuanBnIiwic2xpZGVzaG93IjoiOTZmMzE4MSJ9\" href='https:\/\/sdcornaux.ch\/wp-content\/uploads\/2026\/09\/Rose-Sanela_EM37159.jpg'><img loading=\"lazy\" decoding=\"async\" width=\"150\" height=\"150\" src=\"https:\/\/sdcornaux.ch\/wp-content\/uploads\/2026\/09\/Rose-Sanela_EM37159-150x150.jpg\" class=\"attachment-thumbnail size-thumbnail\" alt=\"\" aria-describedby=\"gallery-1-3238\" \/><\/a>\n\t\t\t<\/dt>\n\t\t\t\t<dd class='wp-caption-text gallery-caption' id='gallery-1-3238'>\n\t\t\t\tRose-Sanela\n\t\t\t\t<\/dd><\/dl><br style=\"clear: both\" \/><dl class='gallery-item'>\n\t\t\t<dt class='gallery-icon landscape'>\n\t\t\t\t<a data-elementor-open-lightbox=\"yes\" data-elementor-lightbox-slideshow=\"96f3181\" data-elementor-lightbox-title=\"Thuler-F_EM36762 copie\" data-e-action-hash=\"#elementor-action%3Aaction%3Dlightbox%26settings%3DeyJpZCI6MzIzOSwidXJsIjoiaHR0cHM6XC9cL3NkY29ybmF1eC5jaFwvd3AtY29udGVudFwvdXBsb2Fkc1wvMjAyNlwvMDlcL1RodWxlci1GX0VNMzY3NjItY29waWUuanBnIiwic2xpZGVzaG93IjoiOTZmMzE4MSJ9\" href='https:\/\/sdcornaux.ch\/wp-content\/uploads\/2026\/09\/Thuler-F_EM36762-copie.jpg'><img loading=\"lazy\" decoding=\"async\" width=\"150\" height=\"150\" src=\"https:\/\/sdcornaux.ch\/wp-content\/uploads\/2026\/09\/Thuler-F_EM36762-copie-150x150.jpg\" class=\"attachment-thumbnail size-thumbnail\" alt=\"\" aria-describedby=\"gallery-1-3239\" \/><\/a>\n\t\t\t<\/dt>\n\t\t\t\t<dd class='wp-caption-text gallery-caption' id='gallery-1-3239'>\n\t\t\t\tThuler-F\n\t\t\t\t<\/dd><\/dl><dl class='gallery-item'>\n\t\t\t<dt class='gallery-icon landscape'>\n\t\t\t\t<a data-elementor-open-lightbox=\"yes\" data-elementor-lightbox-slideshow=\"96f3181\" data-elementor-lightbox-title=\"Veliz_L_EM37173\" data-e-action-hash=\"#elementor-action%3Aaction%3Dlightbox%26settings%3DeyJpZCI6MzI0MCwidXJsIjoiaHR0cHM6XC9cL3NkY29ybmF1eC5jaFwvd3AtY29udGVudFwvdXBsb2Fkc1wvMjAyNlwvMDlcL1ZlbGl6X0xfRU0zNzE3My5qcGciLCJzbGlkZXNob3ciOiI5NmYzMTgxIn0%3D\" href='https:\/\/sdcornaux.ch\/wp-content\/uploads\/2026\/09\/Veliz_L_EM37173.jpg'><img loading=\"lazy\" decoding=\"async\" width=\"150\" height=\"150\" src=\"https:\/\/sdcornaux.ch\/wp-content\/uploads\/2026\/09\/Veliz_L_EM37173-150x150.jpg\" class=\"attachment-thumbnail size-thumbnail\" alt=\"\" aria-describedby=\"gallery-1-3240\" \/><\/a>\n\t\t\t<\/dt>\n\t\t\t\t<dd class='wp-caption-text gallery-caption' id='gallery-1-3240'>\n\t\t\t\tVeliz_L\n\t\t\t\t<\/dd><\/dl>\n\t\t\t<br style='clear: both' \/>\n\t\t<\/div>\n\t\t<\/div>\n\t\t\t\t\t\t<\/div>\n\t\t\t\t<\/div>\n\t\t\t\t<div class=\"elementor-element elementor-element-ad4b926 elementor-widget elementor-widget-text-editor\" data-id=\"ad4b926\" data-element_type=\"widget\" data-e-type=\"widget\" data-widget_type=\"text-editor.default\">\n\t\t\t\t<div class=\"elementor-widget-container\">\n\t\t\t\t\t\t\t\t\t<p>Cette ann\u00e9e, <strong>10 participants<\/strong> ont pris part \u00e0 Cornaux Fleuri et ont une nouvelle fois joliment fleuri leurs balcons, fen\u00eatres et devantures de maisons ou appartement.<\/p><p>Malgr\u00e9 un \u00e9t\u00e9 marqu\u00e9 par de <strong>fortes chaleurs et manque de pluie<\/strong>, les participants ont r\u00e9ussi \u00e0 nous offrir de tr\u00e8s belles r\u00e9alisations. Un grand bravo \u00e0 toutes et \u00e0 tous !<\/p><p>Comme chaque ann\u00e9e, <strong>Daniel Michon<\/strong> est all\u00e9 \u00e0 la rencontre des diff\u00e9rentes cr\u00e9ations pour les immortaliser en photo. <strong>Chaque participant re\u00e7oit ainsi un dipl\u00f4me personnalis\u00e9 avec la photo de sa r\u00e9alisation<\/strong>. Un immense merci \u00e0 Daniel pour le temps et le travail qu&rsquo;il consacre \u00e0 Cornaux Fleuri !<\/p><p>Cette ann\u00e9e, 6 participants ont \u00e9galement \u00e9t\u00e9 s\u00e9lectionn\u00e9s pour recevoir un bon. Nous remercions chaleureusement <strong>Blumenmarkt Dietrich \u00e0 Gampelen et Landi<\/strong> pour leur soutien et les bons offerts.<\/p><p><strong>Encore bravo et merci \u00e0 tous les participants pour avoir contribu\u00e9 \u00e0 fleurir et embellir notre village !<\/strong><\/p>\t\t\t\t\t\t\t\t<\/div>\n\t\t\t\t<\/div>\n\t\t\t\t\t<\/div>\n\t\t\t\t<\/div>\n\t\t\t\t<\/div>\n\t\t","protected":false},"excerpt":{"rendered":"<p>Ammann_L Auberge-Vignoble Barthe_D Commune Girardin_L Holzer_P Jornod_D Rose-Sanela Thuler-F Veliz_L Cette ann\u00e9e, 10 participants ont pris part \u00e0 Cornaux Fleuri et ont une nouvelle fois joliment fleuri leurs balcons, fen\u00eatres et devantures de maisons ou appartement. Malgr\u00e9 un \u00e9t\u00e9 marqu\u00e9 &hellip; <a href=\"https:\/\/sdcornaux.ch\/index.php\/2026\/09\/03\/cornaux-fleuri-2026-en-images\/\">Continuer la lecture <span class=\"meta-nav\">&rarr;<\/span><\/a><\/p>\n","protected":false},"author":2,"featured_media":0,"comment_status":"closed","ping_status":"closed","sticky":false,"template":"","format":"link","meta":{"footnotes":""},"categories":[22],"tags":[],"class_list":["post-3229","post","type-post","status-publish","format-link","hentry","category-cornaux-fleuri","post_format-post-format-link"],"_links":{"self":[{"href":"https:\/\/sdcornaux.ch\/index.php\/wp-json\/wp\/v2\/posts\/3229","targetHints":{"allow":["GET"]}}],"collection":[{"href":"https:\/\/sdcornaux.ch\/index.php\/wp-json\/wp\/v2\/posts"}],"about":[{"href":"https:\/\/sdcornaux.ch\/index.php\/wp-json\/wp\/v2\/types\/post"}],"author":[{"embeddable":true,"href":"https:\/\/sdcornaux.ch\/index.php\/wp-json\/wp\/v2\/users\/2"}],"replies":[{"embeddable":true,"href":"https:\/\/sdcornaux.ch\/index.php\/wp-json\/wp\/v2\/comments?post=3229"}],"version-history":[{"count":7,"href":"https:\/\/sdcornaux.ch\/index.php\/wp-json\/wp\/v2\/posts\/3229\/revisions"}],"predecessor-version":[{"id":3249,"href":"https:\/\/sdcornaux.ch\/index.php\/wp-json\/wp\/v2\/posts\/3229\/revisions\/3249"}],"wp:attachment":[{"href":"https:\/\/sdcornaux.ch\/index.php\/wp-json\/wp\/v2\/media?parent=3229"}],"wp:term":[{"taxonomy":"category","embeddable":true,"href":"https:\/\/sdcornaux.ch\/index.php\/wp-json\/wp\/v2\/categories?post=3229"},{"taxonomy":"post_tag","embeddable":true,"href":"https:\/\/sdcornaux.ch\/index.php\/wp-json\/wp\/v2\/tags?post=3229"}],"curies":[{"name":"wp","href":"https:\/\/api.w.org\/{rel}","templated":true}]}}